{"id":2166,"date":"2017-08-31T09:15:07","date_gmt":"2017-08-31T07:15:07","guid":{"rendered":"https:\/\/www.basketclubs.be\/basketressaix\/?post_type=news&#038;p=2166"},"modified":"2017-08-31T11:35:44","modified_gmt":"2017-08-31T09:35:44","slug":"article-n-g-31817","status":"publish","type":"news","link":"https:\/\/www.basketclubs.be\/basketressaix\/news\/article-n-g-31817\/","title":{"rendered":"ARTICLE N.G. 31\/8\/17"},"content":{"rendered":"<p>L\u2019apr\u00e8s Van Opstal <\/p>\n<p>Ressaix d\u00e9couvre la R\u00e9gionale. <\/p>\n<p>Popol Van Opstal a donc quitt\u00e9 Ressaix par la grande porte, en atteignant l\u2019objectif qu\u2019il s\u2019\u00e9tait pr\u00e9alablement fix\u00e9, \u00e0 savoir permettre au club de monter et de d\u00e9couvrir la R\u00e9gionale. D\u00e8s lors, il a fallu trouver un rempla\u00e7ant qui s\u2019int\u00e8gre parfaitement \u00e0 la politique du club et c\u2019est \u00e0 Pascal Auricchio qu\u2019a \u00e9t\u00e9 confi\u00e9e l\u2019\u00e9quipe. \u00ab \u00c0 la base, j\u2019avais la volont\u00e9 de faire un break apr\u00e8s mes deux ann\u00e9es \u00e0 Nivelles. Je sortais d\u2019une saison o\u00f9 les joueurs ne r\u00e9pondaient plus aux attentes, il y avait de la lassitude et ils venaient en dilettante, tout \u00e7a alors que le club avait fait tant d\u2019efforts, au final pour rien. Je suis venu voir Ressaix, deux ou trois fois, apr\u00e8s avoir eu des contacts avec les dirigeants. En voyant l\u2019envie des gars, j\u2019ai accept\u00e9 avec l\u2019objectif de pouvoir reprendre du plaisir \u00e0 coacher. \u00bb<br \/>\nAucun regret<br \/>\nEt jusqu\u2019\u00e0 pr\u00e9sent, le nouveau mentor ressaisien ne regrette absolument pas son choix. \u00ab Depuis un mois, je prends effectivement \u00e9norm\u00e9ment de plaisir, en apportant quelque chose aux joueurs mais eux aussi m\u2019apportent. Tous les ingr\u00e9dients sont r\u00e9unis pour faire une belle saison \u00bb , admet Pascal Auricchio.<br \/>\nCela fait quelques ann\u00e9es que l\u2019effectif est tr\u00e8s peu modifi\u00e9. Certes, la perte de Fazani \u00e0 l\u2019int\u00e9rieur est importante mais un Csik en pleine possession de ses moyens peut facilement le remplacer. Et puis, il y a l\u2019arriv\u00e9e de Remisz, pouvant aussi bien jouer au 3 qu\u2019au 4 et qui am\u00e8ne du scoring suppl\u00e9mentaire. \u00ab Les dirigeants et toutes les personnes qui gravitent autour de cette \u00e9quipe mettent les moyens afin que le club se p\u00e9rennise. Ce groupe \u00e0 ma disposition fera bien plus que jouer les faire-valoir en R2. En tout cas, tout est r\u00e9uni pour faire du bon travail et arriver \u00e0 nos fins. \u00bb M\u00eame s\u2019il s\u2019annonce difficile par rapport aux adversaires, septembre sera d\u00e9j\u00e0 important pour Ressaix qui recevra trois fois (Fresh Air, Vis\u00e9, Ciney) pour un seul d\u00e9placement (Natoye).<\/p>\n<p>S\u00e9rie relev\u00e9e <\/p>\n<p>Des derbies, des longs d\u00e9placements \u00e0 se farcir comme Vis\u00e9, Andrimont ou Tilff et puis des \u00e9quipes \u00e0 d\u00e9couvrir comme les Bruxelloises, Pascal Auricchio, qui sort de deux ans \u00e0 ce niveau avec Nivelles, sait que la s\u00e9rie ne sera pas \u00e9vidente \u00e0 n\u00e9gocier. \u00ab Je me fie peu aux r\u00e9sultats de la Coupe AWBB car il y a tellement de param\u00e8tres \u00e0 tenir compte. N\u00e9anmoins, j\u2019ai d\u00e9j\u00e0 pu visionner plusieurs \u00e9quipes comme Ninane, Ixelles, Fresh Air ou Andrimont. Et puis, j\u2019ai quelques connexions avec d\u2019autres coaches avec qui on s\u2019\u00e9change les informations. Pour moi, les inconnues seront les \u00e9quipes bruxelloises avec leurs individualit\u00e9s mais d\u2019un match \u00e0 l\u2019autre, les joueurs peuvent ne pas \u00eatre les m\u00eames. La s\u00e9rie est forte mais nous avons d\u00e9montr\u00e9 que nous avions une belle carte \u00e0 jouer. \u00bb<\/p>\n","protected":false},"excerpt":{"rendered":"<p>L\u2019apr\u00e8s Van Opstal Ressaix d\u00e9couvre la R\u00e9gionale. Popol Van Opstal a donc quitt\u00e9 Ressaix par la grande porte, en atteignant l\u2019objectif qu\u2019il s\u2019\u00e9tait pr\u00e9alablement fix\u00e9, \u00e0 savoir permettre au club de monter et de d\u00e9couvrir la R\u00e9gionale. D\u00e8s lors, il a fallu trouver un rempla\u00e7ant qui s\u2019int\u00e8gre parfaitement \u00e0 la politique du club et c\u2019est [&hellip;]<\/p>\n","protected":false},"template":"","class_list":["post-2166","news","type-news","status-publish","hentry","newscat-homepage","newscat-press"],"_links":{"self":[{"href":"https:\/\/www.basketclubs.be\/basketressaix\/wp-json\/wp\/v2\/api-news\/2166","targetHints":{"allow":["GET"]}}],"collection":[{"href":"https:\/\/www.basketclubs.be\/basketressaix\/wp-json\/wp\/v2\/api-news"}],"about":[{"href":"https:\/\/www.basketclubs.be\/basketressaix\/wp-json\/wp\/v2\/types\/news"}],"wp:attachment":[{"href":"https:\/\/www.basketclubs.be\/basketressaix\/wp-json\/wp\/v2\/media?parent=2166"}],"curies":[{"name":"wp","href":"https:\/\/api.w.org\/{rel}","templated":true}]}}