{"id":2651,"date":"2021-08-11T15:06:40","date_gmt":"2021-08-11T13:06:40","guid":{"rendered":"https:\/\/www.basketclubs.be\/basketressaix\/?post_type=news&#038;p=2651"},"modified":"2021-10-27T23:54:39","modified_gmt":"2021-10-27T21:54:39","slug":"dates-de-reprise-des-entrainements-dernieres-nouvelles","status":"publish","type":"news","link":"https:\/\/www.basketclubs.be\/basketressaix\/news\/dates-de-reprise-des-entrainements-dernieres-nouvelles\/","title":{"rendered":"Dates de reprise des entra\u00eenements : derni\u00e8res nouvelles !!!"},"content":{"rendered":"<div class=\"kvgmc6g5 cxmmr5t8 oygrvhab hcukyx3x c1et5uql ii04i59q\">\n<div dir=\"auto\"><em><strong>Derni\u00e8res informations !<\/strong><\/em><\/div>\n<div dir=\"auto\"><\/div>\n<\/div>\n<div class=\"o9v6fnle cxmmr5t8 oygrvhab hcukyx3x c1et5uql ii04i59q\">\n<div dir=\"auto\">Les U10A et U10B reprendront le lundi 16 ao\u00fbt \u00e0 16H30 au Complexe des Trieux \u00e0 RESSAIX avec Eric Laurent (Responsable \u00ab\u00a0Petits ballons\u00a0\u00bb) qui assurera l&rsquo;int\u00e9rim dans l&rsquo;attente d&rsquo;un coach.<\/div>\n<div dir=\"auto\"><\/div>\n<\/div>\n<div class=\"o9v6fnle cxmmr5t8 oygrvhab hcukyx3x c1et5uql ii04i59q\">\n<div dir=\"auto\">Pour rappel : les dates de reprise modifi\u00e9es \u00e0 la demande des coachs<\/div>\n<div dir=\"auto\">U21 : vendredi 06 ao\u00fbt \u00e0 20h00 \u00e0 Ressaix<\/div>\n<div dir=\"auto\">U18 : vendredi 13 ao\u00fbt \u00e0 18h30 \u00e0 Ressaix<\/div>\n<div dir=\"auto\"><\/div>\n<\/div>\n<div class=\"o9v6fnle cxmmr5t8 oygrvhab hcukyx3x c1et5uql ii04i59q\">\n<div dir=\"auto\">Vous trouverez la grille officielle ci-dessous.<\/div>\n<\/div>\n<div class=\"o9v6fnle cxmmr5t8 oygrvhab hcukyx3x c1et5uql ii04i59q\">\n<div dir=\"auto\">Bonne reprise \u00e0 toutes et tous !<\/div>\n<div dir=\"auto\"><\/div>\n<\/div>\n<div class=\"o9v6fnle cxmmr5t8 oygrvhab hcukyx3x c1et5uql ii04i59q\">\n<div dir=\"auto\">Le comit\u00e9 du BCJ RESSAIX.<span class=\"pq6dq46d tbxw36s4 knj5qynh kvgmc6g5 ditlmg2l oygrvhab nvdbi5me sf5mxxl7 gl3lb2sf hhz5lgdu\"><img loading=\"lazy\" decoding=\"async\" src=\"https:\/\/static.xx.fbcdn.net\/images\/emoji.php\/v9\/t11\/1.5\/16\/1f3c0.png\" alt=\"&#x1f3c0;\" width=\"16\" height=\"16\" \/><\/span><span class=\"pq6dq46d tbxw36s4 knj5qynh kvgmc6g5 ditlmg2l oygrvhab nvdbi5me sf5mxxl7 gl3lb2sf hhz5lgdu\"><img loading=\"lazy\" decoding=\"async\" src=\"https:\/\/static.xx.fbcdn.net\/images\/emoji.php\/v9\/t11\/1.5\/16\/1f3c0.png\" alt=\"&#x1f3c0;\" width=\"16\" height=\"16\" \/><\/span><span class=\"pq6dq46d tbxw36s4 knj5qynh kvgmc6g5 ditlmg2l oygrvhab nvdbi5me sf5mxxl7 gl3lb2sf hhz5lgdu\"><img loading=\"lazy\" decoding=\"async\" src=\"https:\/\/static.xx.fbcdn.net\/images\/emoji.php\/v9\/t11\/1.5\/16\/1f3c0.png\" alt=\"&#x1f3c0;\" width=\"16\" height=\"16\" \/><\/span><\/div>\n<\/div>\n<div dir=\"auto\"><a href=\"https:\/\/www.basketclubs.be\/basketressaix\/wp-content\/uploads\/sites\/25\/2021\/08\/Grille-\u00e9quipe-mise-\u00e0-jour-3.pdf\" target=\"\">Grille \u00e9quipe Mise \u00e0 Jour<\/a><\/div>\n","protected":false},"excerpt":{"rendered":"<p>Derni\u00e8res informations ! Les U10A et U10B reprendront le lundi 16 ao\u00fbt \u00e0 16H30 au Complexe des Trieux \u00e0 RESSAIX avec Eric Laurent (Responsable \u00ab\u00a0Petits ballons\u00a0\u00bb) qui assurera l&rsquo;int\u00e9rim dans l&rsquo;attente d&rsquo;un coach. Pour rappel : les dates de reprise modifi\u00e9es \u00e0 la demande des coachs U21 : vendredi 06 ao\u00fbt \u00e0 20h00 \u00e0 Ressaix [&hellip;]<\/p>\n","protected":false},"template":"","class_list":["post-2651","news","type-news","status-publish","hentry","newscat-actu","newscat-advert","newscat-lastnews","newscat-homepage"],"_links":{"self":[{"href":"https:\/\/www.basketclubs.be\/basketressaix\/wp-json\/wp\/v2\/api-news\/2651","targetHints":{"allow":["GET"]}}],"collection":[{"href":"https:\/\/www.basketclubs.be\/basketressaix\/wp-json\/wp\/v2\/api-news"}],"about":[{"href":"https:\/\/www.basketclubs.be\/basketressaix\/wp-json\/wp\/v2\/types\/news"}],"wp:attachment":[{"href":"https:\/\/www.basketclubs.be\/basketressaix\/wp-json\/wp\/v2\/media?parent=2651"}],"curies":[{"name":"wp","href":"https:\/\/api.w.org\/{rel}","templated":true}]}}