{"id":1673,"date":"2020-06-19T22:50:32","date_gmt":"2020-06-19T20:50:32","guid":{"rendered":"https:\/\/www.spirouladies.be\/?post_type=news&#038;p=1673"},"modified":"2020-06-19T23:20:04","modified_gmt":"2020-06-19T21:20:04","slug":"rencontre-avec-jean-paul-van-opstal-dit-popol","status":"publish","type":"news","link":"https:\/\/www.basketclubs.be\/spirouladies\/news\/rencontre-avec-jean-paul-van-opstal-dit-popol\/","title":{"rendered":"Rencontre avec&#8230; Jean-Paul Van Opstal dit \u00ab\u00a0Popol\u00a0\u00bb"},"content":{"rendered":"<h6>Bonjour, pourriez-vous vous pr\u00e9senter et nous expliquer un peu votre parcours dans le monde du ballon orange\u00a0?<\/h6>\n<p>Je me pr\u00e9nomme Jean-Paul mais tout le monde me conna\u00eet sous le diminutif de \u00ab\u00a0Popol\u00a0\u00bb. Ma carri\u00e8re est li\u00e9e \u00e0 une grande amiti\u00e9 avec Fulvio Bastianini, ami d\u2019enfance. Nous avons jou\u00e9 ensemble enfants. Fulvio, en tant que joueur, \u00e9tait d\u00e9j\u00e0 coach. Un passionn\u00e9 de la tactique. C\u2019est lui qui me demanda, lorsque j\u2019ai arr\u00eat\u00e9 ma carri\u00e8re de joueur, de me lancer dans le coaching \u00e0 ses c\u00f4t\u00e9s.<\/p>\n<p>Apr\u00e8s trois ann\u00e9es \u00e0 Carni\u00e8res \u00e0 ses c\u00f4t\u00e9s, je me suis lanc\u00e9 dans le coaching. J\u2019ai notamment entra\u00een\u00e9 \u00e0 Pont-de-Loup, l\u2019Essor Charleroi, Lambusart Dames (3\u00e8me Nationale), L\u2019\u00c9veil Marcinelle, le Vieux Campinaire, Monceau, Ressaix et Montagnard. J\u2019ai 62 ans, j\u2019ai une fille et je suis castellinois depuis tout petit.<\/p>\n<p>&nbsp;<\/p>\n<h6>Chadia Samsam a quitt\u00e9 le navire pour signer \u00e0 Mithra Castors Braine. Est-ce la seule joueuse du groupe R2 (2019-2020) qui ne sera plus pr\u00e9sente pour cette nouvelle saison 2020-2021\u00a0? Pouvez-vous me pr\u00e9senter le noyau de l\u2019\u00e9quipe engag\u00e9e en championnat R2 version 2020-2021\u00a0?<\/h6>\n<p>Sinc\u00e8rement, il me serait difficile \u00e0 l\u2019heure actuelle de pr\u00e9senter l\u2019\u00e9quipe car cela fait d\u00e9j\u00e0 deux ans que j\u2019\u00e9tais reparti dans le basket masculin. Mais si j\u2019ai accept\u00e9 le challenge, c\u2019est bien entendu parce que je savais que j\u2019allais travailler avec Fulvio qui, \u00e0 mes yeux, est l\u2019un des rares entra\u00eeneurs \u00e0 avoir une <em>vista<\/em> sur la formation des jeunes. Il suffit de voir le nombre de joueurs qu\u2019il a pu amener au plus haut niveau.<\/p>\n<p>&nbsp;<\/p>\n<h6>En coupe AWBB et en championnat R2, quels seront les objectifs que le groupe vise pour la saison\u00a0?<\/h6>\n<p>L\u2019objectif sera, bien s\u00fbr, de faire progresser un maximum nos jeunes joueuses et m\u00eame si les r\u00e9sultats sont importants, ce qui compte ce sera l\u2019aspect sportif et humain.<\/p>\n<p>&nbsp;<\/p>\n<h6>Vous \u00eates \u00e9galement l\u2019entra\u00eeneur pour les U19 AWBB. Allez-vous \u00e9galement perp\u00e9tuer le travail de vos pr\u00e9d\u00e9cesseurs et maintenir la passerelle avec les jeunes en leur faisant profiter de temps de jeu et d\u2019exp\u00e9rience avec le groupe R2\u00a0?<\/h6>\n<p>Oui. Comme je vous l\u2019ai dit pr\u00e9c\u00e9demment, notre but est de pouvoir faire profiter au maximum nos jeunes joueuses \u00e0 un acc\u00e8s au plus haut niveau.<\/p>\n<p>&nbsp;<\/p>\n<h6>Dans la m\u00eame philosophie que pour les jeunes, allez-vous permettre aux meilleures jeunes U19\/R2 de s\u2019entra\u00eener et de grapiller du temps de jeu avec le groupe professionnel\u00a0?<\/h6>\n<p>Nous allons travailler en totale symbiose avec le coach D1 et il est \u00e9vident que nos jeunes, si elles le m\u00e9ritent, seront bien s\u00fbr r\u00e9compens\u00e9es de leur travail.<\/p>\n<p><strong>Un grand merci pour vos r\u00e9ponses \u00e0 nos questions, nous souhaitons \u00e0 la R2 Dames ainsi qu&rsquo;aux U19 AWBB une tr\u00e8s belle saison 2020-2021 remplie de succ\u00e8s !<\/strong><\/p>\n<p>&nbsp;<\/p>\n<p>Photo 1 \/ Source : \u00c9dA &#8211; 30595378679 \/ L&rsquo;Avenir<\/p>\n<p>Photo 2 \/ Source : A.A. \/ La Nouvelle Gazette<\/p>\n<p>Photo 3 \/ Source : K.F. \/ La Nouvelle Gazette<\/p>\n","protected":false},"excerpt":{"rendered":"<p>Afin de vous faire (re)d\u00e9couvrir les coachs de notre club, nous leur avons pos\u00e9 quelques questions. Le premier \u00e0 nous avoir r\u00e9pondu est Jean-Paul Van Opstal dit \u00ab Popol \u00bb. Il entra\u00eenera la seconde \u00e9quipe du club (R2 Dames) ainsi que les U19 AWBB.<\/p>\n","protected":false},"template":"","class_list":["post-1673","news","type-news","status-publish","hentry","newscat-lastnews","newscat-homepage"],"_links":{"self":[{"href":"https:\/\/www.basketclubs.be\/spirouladies\/wp-json\/wp\/v2\/api-news\/1673","targetHints":{"allow":["GET"]}}],"collection":[{"href":"https:\/\/www.basketclubs.be\/spirouladies\/wp-json\/wp\/v2\/api-news"}],"about":[{"href":"https:\/\/www.basketclubs.be\/spirouladies\/wp-json\/wp\/v2\/types\/news"}],"wp:attachment":[{"href":"https:\/\/www.basketclubs.be\/spirouladies\/wp-json\/wp\/v2\/media?parent=1673"}],"curies":[{"name":"wp","href":"https:\/\/api.w.org\/{rel}","templated":true}]}}